{"id":7114,"date":"2019-06-24T16:13:32","date_gmt":"2019-06-24T14:13:32","guid":{"rendered":"http:\/\/www.zssanov.cz\/?p=7114"},"modified":"2019-06-24T16:13:35","modified_gmt":"2019-06-24T14:13:35","slug":"navsteva-clenu-parlamentu-ze-zs-tisnov","status":"publish","type":"post","link":"https:\/\/www.zssanov.cz\/en\/2019\/06\/24\/navsteva-clenu-parlamentu-ze-zs-tisnov\/","title":{"rendered":"N\u00e1v\u0161t\u011bva \u010dlen\u016f parlamentu ze Z\u0160 Ti\u0161nov"},"content":{"rendered":"<div class=\"wp-block-image\"><figure class=\"alignright is-resized\"><img loading=\"lazy\" decoding=\"async\" src=\"http:\/\/www.zssanov.cz\/wp-content\/uploads\/IMG_5042-e1561385437461-700x493.jpg\" alt=\"\" class=\"wp-image-7115\" width=\"519\" height=\"365\" srcset=\"https:\/\/www.zssanov.cz\/wp-content\/uploads\/IMG_5042-e1561385437461-700x493.jpg 700w, https:\/\/www.zssanov.cz\/wp-content\/uploads\/IMG_5042-e1561385437461-300x211.jpg 300w, https:\/\/www.zssanov.cz\/wp-content\/uploads\/IMG_5042-e1561385437461-768x541.jpg 768w\" sizes=\"(max-width: 519px) 100vw, 519px\" \/><\/figure><\/div>\n\n\n\n<p>Dne 20. 6. zav\u00edtali do na\u0161\u00ed \u0161koly \u010dlenov\u00e9 \u0161koln\u00edho parlamentu ze z\u00e1kladn\u00ed \u0161koly v Ti\u0161nov\u011b. Na za\u010d\u00e1tku na\u0161eho setk\u00e1n\u00ed jsme v\u0161echny z\u00e1stupce i jejich pedagogick\u00fd doprovod p\u0159iv\u00edtali a p\u0159edstavili jsme jim program, kter\u00fd jsme pro n\u011b p\u0159ichystali. Pot\u00e9 jsme p\u0159edstavili na\u0161\u00ed \u0161kolu a \u010dinnost na\u0161eho \u0161koln\u00edho parlamentu. Program d\u00e1le pokra\u010doval prohl\u00eddkou \u0161koly, kde jsme se s jednotliv\u00fdmi \u010dleny na\u0161\u00ed nov\u00e9 sp\u0159\u00e1telen\u00e9 \u0161koly je\u0161t\u011b v\u00edce sbl\u00ed\u017eili. Jako mal\u00e9 p\u0159ekvapen\u00ed si \u0161anovsk\u00fd \u0161koln\u00ed parlament p\u0159ipravil pro sv\u00e9 hosty i zkou\u0161ku st\u0159elby z luku, kterou n\u00e1s provedla reprezentantka \u010cesk\u00e9 republiky v lukost\u0159elb\u011b Zuzana \u0160karkov\u00e1. Po spole\u010dn\u00e9m ob\u011bd\u011b, kter\u00fd pro n\u00e1s p\u0159ipravily kucha\u0159ky v na\u0161\u00ed \u0161koln\u00ed j\u00eddeln\u011b, jsme se op\u011bt vr\u00e1tili do konferen\u010dn\u00ed m\u00edstnosti, kde jsme shrnuli celou spole\u010dnou akci. Vyj\u00e1d\u0159ili jsme si navz\u00e1jem pocity a zku\u0161enosti, kter\u00e9 jsme b\u011bhem cel\u00e9ho dne nasb\u00edrali a rozlou\u010dili jsme se v p\u0159\u00e1telsk\u00e9m duchu. Pevn\u011b v\u011b\u0159\u00edme, \u017ee slibn\u011b zah\u00e1jen\u00e1 spolupr\u00e1ce mezi \u0161kolami bude \u00fasp\u011b\u0161n\u011b pokra\u010dovat i v n\u00e1sleduj\u00edc\u00edm \u0161koln\u00edm roce. Dal\u0161\u00ed fotografie z velmi vyda\u0159en\u00e9ho dopoledne si prohl\u00e9dn\u011bte <strong><a href=\"https:\/\/photos.app.goo.gl\/vzMSziz5nPrudAjC8\" target=\"_blank\" rel=\"noreferrer noopener\" aria-label=\"kliknut\u00edm na tento odkaz (otev\u0159e se na nov\u00e9 z\u00e1lo\u017ece)\">kliknut\u00edm na tento odkaz<\/a><\/strong>. <\/p>\n\n\n\n<p style=\"text-align:right\">  Nat\u00e1lie \u0160im\u0161ov\u00e1, Josef Wolf <\/p>","protected":false},"excerpt":{"rendered":"<p>Dne 20. 6. zav\u00edtali do na\u0161\u00ed \u0161koly \u010dlenov\u00e9 \u0161koln\u00edho parlamentu ze z\u00e1kladn\u00ed \u0161koly v Ti\u0161nov\u011b. Na za\u010d\u00e1tku na\u0161eho setk\u00e1n\u00ed jsme v\u0161echny z\u00e1stupce i jejich pedagogick\u00fd doprovod p\u0159iv\u00edtali a p\u0159edstavili jsme jim program, kter\u00fd jsme pro n\u011b p\u0159ichystali. Pot\u00e9 jsme p\u0159edstavili na\u0161\u00ed \u0161kolu a \u010dinnost na\u0161eho \u0161koln\u00edho parlamentu. Program d\u00e1le pokra\u010doval prohl\u00eddkou \u0161koly, kde jsme se [&hellip;]<\/p>","protected":false},"author":10,"featured_media":0,"comment_status":"open","ping_status":"open","sticky":false,"template":"","format":"standard","meta":{"footnotes":"","_links_to":"","_links_to_target":""},"categories":[1],"tags":[],"_links":{"self":[{"href":"https:\/\/www.zssanov.cz\/en\/wp-json\/wp\/v2\/posts\/7114"}],"collection":[{"href":"https:\/\/www.zssanov.cz\/en\/wp-json\/wp\/v2\/posts"}],"about":[{"href":"https:\/\/www.zssanov.cz\/en\/wp-json\/wp\/v2\/types\/post"}],"author":[{"embeddable":true,"href":"https:\/\/www.zssanov.cz\/en\/wp-json\/wp\/v2\/users\/10"}],"replies":[{"embeddable":true,"href":"https:\/\/www.zssanov.cz\/en\/wp-json\/wp\/v2\/comments?post=7114"}],"version-history":[{"count":4,"href":"https:\/\/www.zssanov.cz\/en\/wp-json\/wp\/v2\/posts\/7114\/revisions"}],"predecessor-version":[{"id":7120,"href":"https:\/\/www.zssanov.cz\/en\/wp-json\/wp\/v2\/posts\/7114\/revisions\/7120"}],"wp:attachment":[{"href":"https:\/\/www.zssanov.cz\/en\/wp-json\/wp\/v2\/media?parent=7114"}],"wp:term":[{"taxonomy":"category","embeddable":true,"href":"https:\/\/www.zssanov.cz\/en\/wp-json\/wp\/v2\/categories?post=7114"},{"taxonomy":"post_tag","embeddable":true,"href":"https:\/\/www.zssanov.cz\/en\/wp-json\/wp\/v2\/tags?post=7114"}],"curies":[{"name":"wp","href":"https:\/\/api.w.org\/{rel}","templated":true}]}}