{"id":6916,"date":"2019-04-30T14:08:32","date_gmt":"2019-04-30T12:08:32","guid":{"rendered":"http:\/\/www.zssanov.cz\/?p=6916"},"modified":"2019-05-14T21:53:18","modified_gmt":"2019-05-14T19:53:18","slug":"individualni-konzultace-s-rodici-3","status":"publish","type":"post","link":"https:\/\/www.zssanov.cz\/en\/2019\/04\/30\/individualni-konzultace-s-rodici-3\/","title":{"rendered":"Individu\u00e1ln\u00ed konzultace t\u0159\u00eddn\u00edch u\u010ditel\u016f s rodi\u010di"},"content":{"rendered":"<p class=\"has-text-color has-very-dark-gray-color\">Oznamujeme v\u0161em z\u00e1konn\u00fdm z\u00e1stupc\u016fm, \u017ee <strong>od 6. kv\u011btna do 10. kv\u011btna<\/strong> 2019 budou na na\u0161\u00ed \u0161kole prob\u00edhat <strong>individu\u00e1ln\u00ed konzultace<\/strong>. P\u0159edpokl\u00e1d\u00e1 se op\u011bt \u00fa\u010dast jak <strong>z\u00e1konn\u00fdch z\u00e1stupc\u016f<\/strong> (rodi\u010d\u016f), <strong>t\u0159\u00eddn\u00edch u\u010ditel\u016f<\/strong>, tak tak\u00e9 <strong>\u017e\u00e1k\u016f<\/strong> samotn\u00fdch. <\/p>\n\n\n\n<p>Op\u011bt bude pro tyto konzultace vyu\u017eit online rezerva\u010dn\u00ed syst\u00e9m na webov\u00e9m port\u00e1lu <strong>RESERVATIC.COM<\/strong>. \u017d\u00e1d\u00e1me tedy z\u00e1konn\u00e9 z\u00e1stupce \u017e\u00e1k\u016f, aby si zde co nejd\u0159\u00edve rezervovali vhodn\u00fd term\u00edn prost\u0159ednictv\u00edm odkazu: <a href=\"https:\/\/reservatic.com\/cs\/public_services\/zakladni-skola-a-materska-skola-sanov-okres-znojmo-prispevkova-organizace-nase-skola\"><strong>https:\/\/reservatic.com\/cs\/public_services\/zakladni-skola-a-materska-skola-sanov-okres-znojmo-prispevkova-organizace-nase-skola<\/strong><\/a> <\/p>\n\n\n\n<p>Podrobn\u00e9 informace k p\u0159ihla\u0161ov\u00e1n\u00ed naleznete <strong><a href=\"http:\/\/www.zssanov.cz\/wp-content\/uploads\/Ozn\u00e1men\u00ed-o-online-konzultac\u00edch-s-rodi\u010di_2019.pdf\">zde<\/a><\/strong><a href=\"http:\/\/www.zssanov.cz\/wp-content\/uploads\/Ozn\u00e1men\u00ed-o-online-konzultac\u00edch-s-rodi\u010di_2019.pdf\"> <\/a>a ve sv\u00e9 emailov\u00e9 schr\u00e1nce I\u0160KOLY.<\/p>","protected":false},"excerpt":{"rendered":"<p>Oznamujeme v\u0161em z\u00e1konn\u00fdm z\u00e1stupc\u016fm, \u017ee od 6. kv\u011btna do 10. kv\u011btna 2019 budou na na\u0161\u00ed \u0161kole prob\u00edhat individu\u00e1ln\u00ed konzultace. P\u0159edpokl\u00e1d\u00e1 se op\u011bt \u00fa\u010dast jak z\u00e1konn\u00fdch z\u00e1stupc\u016f (rodi\u010d\u016f), t\u0159\u00eddn\u00edch u\u010ditel\u016f, tak tak\u00e9 \u017e\u00e1k\u016f samotn\u00fdch. Op\u011bt bude pro tyto konzultace vyu\u017eit online rezerva\u010dn\u00ed syst\u00e9m na webov\u00e9m port\u00e1lu RESERVATIC.COM. \u017d\u00e1d\u00e1me tedy z\u00e1konn\u00e9 z\u00e1stupce \u017e\u00e1k\u016f, aby si zde co [&hellip;]<\/p>","protected":false},"author":2,"featured_media":0,"comment_status":"open","ping_status":"open","sticky":false,"template":"","format":"standard","meta":{"footnotes":"","_links_to":"","_links_to_target":""},"categories":[1,16],"tags":[],"_links":{"self":[{"href":"https:\/\/www.zssanov.cz\/en\/wp-json\/wp\/v2\/posts\/6916"}],"collection":[{"href":"https:\/\/www.zssanov.cz\/en\/wp-json\/wp\/v2\/posts"}],"about":[{"href":"https:\/\/www.zssanov.cz\/en\/wp-json\/wp\/v2\/types\/post"}],"author":[{"embeddable":true,"href":"https:\/\/www.zssanov.cz\/en\/wp-json\/wp\/v2\/users\/2"}],"replies":[{"embeddable":true,"href":"https:\/\/www.zssanov.cz\/en\/wp-json\/wp\/v2\/comments?post=6916"}],"version-history":[{"count":3,"href":"https:\/\/www.zssanov.cz\/en\/wp-json\/wp\/v2\/posts\/6916\/revisions"}],"predecessor-version":[{"id":6930,"href":"https:\/\/www.zssanov.cz\/en\/wp-json\/wp\/v2\/posts\/6916\/revisions\/6930"}],"wp:attachment":[{"href":"https:\/\/www.zssanov.cz\/en\/wp-json\/wp\/v2\/media?parent=6916"}],"wp:term":[{"taxonomy":"category","embeddable":true,"href":"https:\/\/www.zssanov.cz\/en\/wp-json\/wp\/v2\/categories?post=6916"},{"taxonomy":"post_tag","embeddable":true,"href":"https:\/\/www.zssanov.cz\/en\/wp-json\/wp\/v2\/tags?post=6916"}],"curies":[{"name":"wp","href":"https:\/\/api.w.org\/{rel}","templated":true}]}}